{"id":875,"date":"2026-03-10T19:29:27","date_gmt":"2026-03-10T18:29:27","guid":{"rendered":"https:\/\/djecji.kranjcic.hr\/?p=875"},"modified":"2026-03-10T19:29:45","modified_gmt":"2026-03-10T18:29:45","slug":"rezultati-natjecaja-za-15-susret-hrvatskoga-djecjega-duhovnoga-stvaralastva-stjepan-kranjcic","status":"publish","type":"post","link":"https:\/\/djecji.kranjcic.hr\/?p=875","title":{"rendered":"Rezultati natje\u010daja za 15. Susret hrvatskoga dje\u010djega duhovnoga stvarala\u0161tva \u201eStjepan Kranj\u010di\u0107\u201d"},"content":{"rendered":"\n<p>\u010clanovi stru\u010dnoga ocjenjiva\u010dkog povjerenstva (za knji\u017eevni natje\u010daj u sastavu: Sonja Tomi\u0107, Jasna \u0160ego i Neven Drozdek; za likovni natje\u010daj u sastavu: Sonja Tomi\u0107, Tomislav Buntak i Neven Drozdek), nakon \u0161to su pro\u010ditali i pregledali radove koji su im dostavljeni bez podataka o autorima, donijeli su odluku o rezultatima ovogodi\u0161njega natje\u010daja.<\/p>\n\n\n\n<div data-wp-interactive=\"core\/file\" class=\"wp-block-file\"><object data-wp-bind--hidden=\"!state.hasPdfPreview\" hidden class=\"wp-block-file__embed\" data=\"https:\/\/djecji.kranjcic.hr\/wp-content\/uploads\/2026\/03\/Rezultati-15.-Malog-Kranjcica.pdf\" type=\"application\/pdf\" style=\"width:100%;height:850px\" aria-label=\"Ugra\u0111eno Rezultati 15. Malog Kranjcica.\"><\/object><a id=\"wp-block-file--media-23a1f599-c925-4786-911d-86b14cfbe1fe\" href=\"https:\/\/djecji.kranjcic.hr\/wp-content\/uploads\/2026\/03\/Rezultati-15.-Malog-Kranjcica.pdf\">Rezultati 15. Malog Kranjcica<\/a><a href=\"https:\/\/djecji.kranjcic.hr\/wp-content\/uploads\/2026\/03\/Rezultati-15.-Malog-Kranjcica.pdf\" class=\"wp-block-file__button wp-element-button\" download aria-describedby=\"wp-block-file--media-23a1f599-c925-4786-911d-86b14cfbe1fe\">Preuzmi<\/a><\/div>\n\n\n\n<p><\/p>\n","protected":false},"excerpt":{"rendered":"<p>\u010clanovi stru\u010dnoga ocjenjiva\u010dkog povjerenstva (za knji\u017eevni natje\u010daj u sastavu: Sonja Tomi\u0107, Jasna \u0160ego i Neven Drozdek; za likovni natje\u010daj u sastavu: Sonja Tomi\u0107, Tomislav Buntak i Neven Drozdek), nakon \u0161to su pro\u010ditali i pregledali radove koji su im dostavljeni bez podataka o autorima, donijeli su odluku o rezultatima ovogodi\u0161njega natje\u010daja.<\/p>\n","protected":false},"author":1,"featured_media":862,"comment_status":"closed","ping_status":"","sticky":false,"template":"","format":"standard","meta":{"_jetpack_memberships_contains_paid_content":false,"footnotes":""},"categories":[21],"tags":[],"class_list":["post-875","post","type-post","status-publish","format-standard","has-post-thumbnail","hentry","category-15-susret"],"jetpack_featured_media_url":"https:\/\/i0.wp.com\/djecji.kranjcic.hr\/wp-content\/uploads\/2025\/10\/logo-15-djecji-kranjcic-mali.jpg?fit=400%2C400&ssl=1","jetpack_sharing_enabled":true,"_links":{"self":[{"href":"https:\/\/djecji.kranjcic.hr\/index.php?rest_route=\/wp\/v2\/posts\/875","targetHints":{"allow":["GET"]}}],"collection":[{"href":"https:\/\/djecji.kranjcic.hr\/index.php?rest_route=\/wp\/v2\/posts"}],"about":[{"href":"https:\/\/djecji.kranjcic.hr\/index.php?rest_route=\/wp\/v2\/types\/post"}],"author":[{"embeddable":true,"href":"https:\/\/djecji.kranjcic.hr\/index.php?rest_route=\/wp\/v2\/users\/1"}],"replies":[{"embeddable":true,"href":"https:\/\/djecji.kranjcic.hr\/index.php?rest_route=%2Fwp%2Fv2%2Fcomments&post=875"}],"version-history":[{"count":1,"href":"https:\/\/djecji.kranjcic.hr\/index.php?rest_route=\/wp\/v2\/posts\/875\/revisions"}],"predecessor-version":[{"id":877,"href":"https:\/\/djecji.kranjcic.hr\/index.php?rest_route=\/wp\/v2\/posts\/875\/revisions\/877"}],"wp:featuredmedia":[{"embeddable":true,"href":"https:\/\/djecji.kranjcic.hr\/index.php?rest_route=\/wp\/v2\/media\/862"}],"wp:attachment":[{"href":"https:\/\/djecji.kranjcic.hr\/index.php?rest_route=%2Fwp%2Fv2%2Fmedia&parent=875"}],"wp:term":[{"taxonomy":"category","embeddable":true,"href":"https:\/\/djecji.kranjcic.hr\/index.php?rest_route=%2Fwp%2Fv2%2Fcategories&post=875"},{"taxonomy":"post_tag","embeddable":true,"href":"https:\/\/djecji.kranjcic.hr\/index.php?rest_route=%2Fwp%2Fv2%2Ftags&post=875"}],"curies":[{"name":"wp","href":"https:\/\/api.w.org\/{rel}","templated":true}]}}