{"id":731,"date":"2023-04-29T22:45:32","date_gmt":"2023-04-29T20:45:32","guid":{"rendered":"https:\/\/djecji.kranjcic.hr\/?p=731"},"modified":"2023-04-29T22:47:35","modified_gmt":"2023-04-29T20:47:35","slug":"odrzan-12-djecji-kranjcic-u-krizevcima","status":"publish","type":"post","link":"https:\/\/djecji.kranjcic.hr\/?p=731","title":{"rendered":"Odr\u017ean 12. \u201eDje\u010dji Kranj\u010di\u0107\u201c u Kri\u017eevcima"},"content":{"rendered":"\n<p>U Hrvatskom domu u Kri\u017eevcima u subotu 29. travnja 2023. odr\u017eana je zavr\u0161na sve\u010danost 12. Susreta hrvatskoga dje\u010djega duhovnoga stvarala\u0161tva \u201eStjepan Kranj\u010di\u0107\u201d za knji\u017eevno i likovno stvarala\u0161tvo u\u010denika osnovnih \u0161kola u Republici Hrvatskoj. Tom su prigodom dodijeljene nagrade u\u010denicima najuspjelijih radova, likovni su radovi prikazani na prigodnoj izlo\u017ebi \u201eBranik domovine\u201c, dio knji\u017eevnih radova javno je izveden, a naj\u0161iri je izbor radova po \u017eanrovima (poezija, proza, igrokazi) objavljen u zborniku \u201eDom u srcu mom\u201d.<\/p>\n\n\n\n<!--more-->\n\n\n\n<p>Nakon toga je izv. prof. dr. sc. Jasna \u0160ego sa Sveu\u010dili\u0161ta u Slavonskom Brodu u kri\u017eeva\u010dkoj Osnovnoj \u0161koli Ljudevita Modeca odr\u017eala radionicu \u201eKr\u0161\u0107anske vrednote u dje\u010djem stvarala\u0161tvu\u201d za mentore, a u\u010diteljice Lucija Martin\u010di\u0107 i Jelena Kuzijev za u\u010denike. Susret je zavr\u0161en posjetom grkokatoli\u010dkoj katedrali Presvete Trojice. Susret su uime organizatora predvodili predsjednik \u0160kolskog odbora Osnovne \u0161kole Ljudevita Modeca Tihomir Ple\u0161a sa suradnicama Martinom Valec-Rebi\u0107 i Danijelom Zagorec te cjelokupnim kolektivom \u0161kole, te predsjednica Udruge za promicanje znamenitih Kri\u017eev\u010dana \u201eDr. Stjepan Kranj\u010di\u0107\u201d doc. dr. sc. Tanja Baran. Ministarstvo znanosti i obrazovanja RH predstavljala je Tajna \u010corak, vi\u0161a stru\u010dna suradnica u Upravi za odgoj i obrazovanje.<\/p>\n\n\n\n<p>U \u017eanru <strong>poezije <\/strong>prvu je nagradu stru\u010dnog ocjenjiva\u010dkog suda za pjesmu \u201eDe je doma dom?\u201d osvojio u\u010denik 3. razreda Osnovne \u0161kole Toma\u0161a Gori\u010danca iz Male Subotice Dorian Tizaj (mentorica Ljiljana Rinkovec). Druga je nagrada za pjesmu \u201eI\u0161\u010dem te\u201d pripala Ivanu Posavcu Kova\u010du, u\u010deniku 6. razreda Osnovne \u0161kole Ivana Kukuljevi\u0107a Sakcinskog, Podru\u010dna \u0161kola Tina Ujevi\u0107 Salinovec kraj Ivanca (mentorica Valentina Posavec Kova\u010d). Tre\u0107u je nagradu osvojila u\u010denica 8. razreda Osnovne \u0161kole Mate Lovraka iz Zagreba Patricia Gashi \u00a0za pjesmu \u201eZovem se Vukovar\u201d (mentorica Bernadica Ma\u017ear). Nagrade za poeziju u\u010denicama i mentoricama uime pokrovitelja \u201eGlasa Koncila\u201d, koji je i nakladnik zbornika, uru\u010dila je Marina Katini\u0107 Pleji\u0107.<\/p>\n\n\n\n<p>U \u017eanru <strong>proze <\/strong>prvu je nagradu stru\u010dnog ocjenjiva\u010dkog suda za pri\u010du \u201eBo\u017eje zvijezde\u201c osvojila Ulani Radulescu, u\u010denica 5. razreda Osnovne \u0161kole \u201eNikola Tesla\u201c iz Rijeke (mentorica Ivana Smol\u010di\u0107 Padjen). Drugu je nagradu za rad \u201eNapokon sam posjetio Grad\u201c osvojio Antonio \u0160aban, u\u010denik 8. razreda Osnovne \u0161kole Jesenice kraj Dugoga Rata (mentorica Darija Mladin), dok je tre\u0107a nagrada pripala Chriztel Reane Aceveda, u\u010denici 5. razreda Osnovne \u0161kole Sveti Martin na Muri za rad \u201eDomovine\u201d (mentorica An\u0111elka Klemen\u010di\u0107). Nagrade za prozu uime Naklade Ljevak uru\u010dila je Anica Domini\u0107.<\/p>\n\n\n\n<p>U \u017eanru <strong>igrokaza <\/strong>prvu nagradu stru\u010dnog ocjenjiva\u010dkog suda osvojila je u\u010denica 4. razreda III. osnovne \u0161kole Bjelovar Gabriela Tadi\u0107 (mentorica Suzana Turkovi\u0107). Druga nagrada za igrokaz \u201eBla\u017eeni domoljub\u201d pripala je Heleni Banekovi\u0107, u\u010denici 8. razreda Osnovne \u0161kole Visoko (mentor Tibor Martan), a tre\u0107u nagradu za igrokaz \u201e\u017delim biti slobodan\u201d osvojila je u\u010denica 8. razreda Osnovne \u0161kole \u201eDavorin Trstenjak\u201c iz Podgajaca Posavskih (mentorica Karolina Bak\u0161aj). Nagrade za igrokaz osigurala je izdava\u010dka ku\u0107a \u201e\u0160kolska knjiga\u201d.<\/p>\n\n\n\n<p>Prvu nagradu za <strong>likovno stvarala\u0161tvo<\/strong> stru\u010dnog ocjenjiva\u010dkog suda za rad \u201eKad Hrvati slave\u201d osvojila je Dunja Horvat, u\u010denica 5. razreda Osnovne \u0161kole Mate Lovraka iz Zagreba (mentorica Bernadica Ma\u017ear). Drugu nagradu za likovno stvarala\u0161tvo za rad \u201eDomoljublje\u201d osvojila je Anabel Negoveti\u0107, u\u010denica 7. razreda Osnovne \u0161kole \u201eVladimir Gortan\u201c iz Rijeke (mentorica Snje\u017eana Kruhak), dok je tre\u0107u nagradu za rad \u201eBranik domovine\u201d osvojio Fran Gelo, u\u010denik 3. razreda Osnovne \u0161kole Rovi\u0161\u0107e (mentorica Melita Pek). Nagradu za likovno stvarala\u0161tvo uime izdava\u010dke ku\u0107e \u201eVerbum\u201c uru\u010dila je Dubravka Cimi\u0107-Mores<\/p>\n\n\n\n<p>Vi\u0161e je u\u010denika i njihovih mentora dobilo <strong>dodatne nagrade<\/strong> nakladni\u010dkih ku\u0107a Alfa, Profil Klett i Ogranka Matice hrvatske u Kri\u017eevcima.\u00a0 U \u017eanru poezije dodatno su nagra\u0111eni Karla Taka\u010d (7. r.) iz Osnovne \u0161kole Molve (mentorica Mirela Pa\u0161a), Ana Didovi\u0107 (6. r.) iz Osnovne \u0161kole fra Kaje Ad\u017ei\u0107a, Pleternica (mentorica Mihajla Var\u017eak) i Lara Di Giorgio (8. r.) iz Katoli\u010dke osnovne \u0161kole u Po\u017eegi (mentorica Romana Th\u00fcr). U \u017eanru proze nagrade su dobili Ema Pajtak (6. r.) iz Osnovne \u0161kole Vinica (mentorica Lara Furjan Kralj), Lucija Pre\u010dko (2. r.) iz Osnovne \u0161kole Gola, Podru\u010dne \u0161kole Oto\u010dka (mentorica Sanja Soli\u0107) i Mia Luketi\u0107 (5. r.) iz Osnovne \u0161kole Turni\u0107, Rijeka (mentorica Vesna Rabak). U \u017eanru igrokaza nagra\u0111ena je Karla Stilinovi\u0107 (7. r.) iz Osnovne \u0161kole dr. Jure Turi\u0107a, Gospi\u0107 (mentorica \u0110ur\u0111ica Luketi\u0107), a u kategoriji likovnih radova Hana Kos (5. r.) iz Osnovne \u0161kole \u201ePodolice\u201d, Koprivnica (mentor Darko Marki\u0107), Katja Kadi\u0107 (8. r.) iz Osnovne \u0161kole Jesenice, Dugi Rat (mentorica Darija Mladin) i Julija Vincekovi\u0107 (8. r.) iz Osnovne \u0161kole Petrijanec (mentorica \u017deljka Rabuzin).<\/p>\n\n\n\n<p>Pokrovitelji zavr\u0161noga susreta 12. \u201eDje\u010djeg Kranj\u010di\u0107a\u201c 2023. bili su Ministarstvo znanosti i obrazovanja RH, Grad Kri\u017eevci, Koprivni\u010dko-kri\u017eeva\u010dka \u017eupanija, \u0160kolska knjiga, koja je darovala tisak knjige najuspjelijih radova, te Prigorski Media d. o. o. Doprinos organizaciji Susreta dale su kri\u017eeva\u010dke \u017eupe sv. Ane te BDM \u017dalosne i sv. Marka Kri\u017eev\u010danina, Kri\u017eeva\u010dka grkokatoli\u010dka eparhija, Pu\u010dko otvoreno u\u010dili\u0161te Kri\u017eevci i roditelji djece O\u0160 Ljudevita Modeca.<\/p>\n\n\n\n<p>Zavr\u0161noj je sve\u010danosti prethodio natje\u010daj koji je bio otvoren od 15. listopada do 15. prosinca 2022. godine. Organizatori Osnovna \u0161kole Ljudevita Modeca i Udruga za promicanje znamenitih Kri\u017eev\u010dana \u201eDr. Stjepan Kranj\u010di\u0107\u201c predlo\u017eili su da tema ovogodi\u0161njega natje\u010daja bude <em>domoljublje<\/em>. U Kri\u017eevce je na natje\u010daj pristiglo 139 knji\u017eevnih te 134 likovna rada iz ukupno 70 \u0161kola s podru\u010dja cijele Republike Hrvatske. Na knji\u017eevni natje\u010daj javilo se 130 u\u010denika iz 46 \u0161kola te 7 u\u010denika koji su se na natje\u010daj javili samostalno. Natje\u010daj je obuhva\u0107ao tri \u017eanra (poezija, proza, igrokaz) te je pristiglo 88 pjesama, 42 prozna rada i 9 igrokaza. Na likovni natje\u010daj javilo se 127 u\u010denika iz 50 \u0161kola te 6 u\u010denika koji su se na natje\u010daj javili samostalno. Stru\u010dno ocjenjiva\u010dko povjerenstvo za knji\u017eevni natje\u010daj u sastavu: Sonja Tomi\u0107 (predsjednica), Jasna \u0160ego i Vojmil \u017dic te stru\u010dno ocjenjiva\u010dko povjerenstvo za likovni natje\u010daj u sastavu: Sonja Tomi\u0107 (predsjednica), Tomislav Buntak i Vojmil \u017dic, nakon \u0161to je pro\u010ditalo i pregledalo radove bez znanja o identitetu autora, odlu\u010dilo je da \u0107e na zavr\u0161noj sve\u010danosti u Kri\u017eevcima u subotu 29. travnja 2023., uz Dan grada Kri\u017eevaca, nagra\u0111ena biti 22 rada, i to 16 knji\u017eevnih i 6 likovnih radova, a da \u0107e 34 likovna rada biti izlo\u017eena na prigodnoj izlo\u017ebi \u201eBranik domovine\u201d. Za objavu u zborniku \u201eDom u srcu mom\u201c stru\u010dno je povjerenstvo izabralo 57 knji\u017eevnih i 34 likovna rada.<\/p>\n\n\n\n<p>Susret hrvatskoga dje\u010djega duhovnoga stvarala\u0161tva \u201eStjepan Kranj\u010di\u0107\u201d jedini je natje\u010daj i susret za dje\u010dje duhovno knji\u017eevno i likovno stvarala\u0161tvo na nacionalnoj razini u Republici Hrvatskoj za djecu osnovnih \u0161kola. Nazvan je prema kri\u017eeva\u010dkom \u017eupniku na glasu svetosti Stjepanu Kranj\u010di\u0107u koji je i s\u00e2m pisao knji\u017eevne radove katoli\u010dke tematike. Organizatori su raspisali natje\u010daj na krilima uspje\u0161noga natje\u010daja i knji\u017eevnoga susreta za duhovnu knji\u017eevnost na nacionalnoj razini za odrasle &#8211; Susreta hrvatskoga duhovnoga knji\u017eevnoga stvarala\u0161tva \u201eStjepan Kranj\u010di\u0107\u201c koji \u0107e ove godine biti odr\u017ean petnaesti put. Dje\u010djim susretom \u201eStjepan Kranj\u010di\u0107\u201c \u017eeli se potaknuti stvaranje suvremenih dje\u010djih duhovnih knji\u017eevnih (poezija, proza, igrokazi) i likovnih radova protkanih kr\u0161\u0107anskim vrednotama.<\/p>\n\n\n\n<div style=\"height:51px\" aria-hidden=\"true\" class=\"wp-block-spacer\"><\/div>\n\n\n\n<h1 class=\"wp-block-heading\"><a href=\"https:\/\/photos.app.goo.gl\/KrYE6cN6yfyv8c5V8\" target=\"_blank\" rel=\"noopener noreferrer\">GALERIJA<\/a><\/h1>\n\n\n\n<div style=\"height:67px\" aria-hidden=\"true\" class=\"wp-block-spacer\"><\/div>\n\n\n\n<div data-wp-interactive=\"core\/file\" class=\"wp-block-file\"><object data-wp-bind--hidden=\"!state.hasPdfPreview\" hidden class=\"wp-block-file__embed\" data=\"https:\/\/djecji.kranjcic.hr\/wp-content\/uploads\/2023\/04\/Dom-u-srcu-mom.pdf\" type=\"application\/pdf\" style=\"width:100%;height:600px\" aria-label=\"Ugra\u0111eno Dom u srcu mom.\"><\/object><a id=\"wp-block-file--media-692b0737-646b-45d7-a2bd-89dc9deafa63\" href=\"https:\/\/djecji.kranjcic.hr\/wp-content\/uploads\/2023\/04\/Dom-u-srcu-mom.pdf\">Dom u srcu mom<\/a><a href=\"https:\/\/djecji.kranjcic.hr\/wp-content\/uploads\/2023\/04\/Dom-u-srcu-mom.pdf\" class=\"wp-block-file__button wp-element-button\" download aria-describedby=\"wp-block-file--media-692b0737-646b-45d7-a2bd-89dc9deafa63\">Preuzmi<\/a><\/div>\n\n\n\n<div style=\"height:56px\" aria-hidden=\"true\" class=\"wp-block-spacer\"><\/div>\n\n\n\n<div data-wp-interactive=\"core\/file\" class=\"wp-block-file\"><object data-wp-bind--hidden=\"!state.hasPdfPreview\" hidden class=\"wp-block-file__embed\" data=\"https:\/\/djecji.kranjcic.hr\/wp-content\/uploads\/2023\/04\/katalog-izlozbe-mali.pdf\" type=\"application\/pdf\" style=\"width:100%;height:690px\" aria-label=\"Ugra\u0111eno katalog izlo\u017ebe mali.\"><\/object><a id=\"wp-block-file--media-437952e3-4d88-4e9c-a55b-c22dc2ae18f7\" href=\"https:\/\/djecji.kranjcic.hr\/wp-content\/uploads\/2023\/04\/katalog-izlozbe-mali.pdf\">katalog izlo\u017ebe mali<\/a><a href=\"https:\/\/djecji.kranjcic.hr\/wp-content\/uploads\/2023\/04\/katalog-izlozbe-mali.pdf\" class=\"wp-block-file__button wp-element-button\" download aria-describedby=\"wp-block-file--media-437952e3-4d88-4e9c-a55b-c22dc2ae18f7\">Preuzmi<\/a><\/div>\n","protected":false},"excerpt":{"rendered":"<p>U Hrvatskom domu u Kri\u017eevcima u subotu 29. travnja 2023. odr\u017eana je zavr\u0161na sve\u010danost 12. Susreta hrvatskoga dje\u010djega duhovnoga stvarala\u0161tva \u201eStjepan Kranj\u010di\u0107\u201d za knji\u017eevno i likovno stvarala\u0161tvo u\u010denika osnovnih \u0161kola u Republici Hrvatskoj. Tom su prigodom dodijeljene nagrade u\u010denicima najuspjelijih radova, likovni su radovi prikazani na prigodnoj izlo\u017ebi \u201eBranik domovine\u201c, dio knji\u017eevnih radova javno je <a class=\"read-more\" href=\"https:\/\/djecji.kranjcic.hr\/?p=731\">Vi\u0161e<\/a><\/p>\n","protected":false},"author":1,"featured_media":732,"comment_status":"closed","ping_status":"closed","sticky":false,"template":"","format":"standard","meta":{"_jetpack_memberships_contains_paid_content":false,"footnotes":""},"categories":[18],"tags":[],"class_list":["post-731","post","type-post","status-publish","format-standard","has-post-thumbnail","hentry","category-12-susret"],"jetpack_featured_media_url":"https:\/\/i0.wp.com\/djecji.kranjcic.hr\/wp-content\/uploads\/2023\/04\/kranjcic-2023-18.jpg?fit=2000%2C1333&ssl=1","jetpack_sharing_enabled":true,"_links":{"self":[{"href":"https:\/\/djecji.kranjcic.hr\/index.php?rest_route=\/wp\/v2\/posts\/731","targetHints":{"allow":["GET"]}}],"collection":[{"href":"https:\/\/djecji.kranjcic.hr\/index.php?rest_route=\/wp\/v2\/posts"}],"about":[{"href":"https:\/\/djecji.kranjcic.hr\/index.php?rest_route=\/wp\/v2\/types\/post"}],"author":[{"embeddable":true,"href":"https:\/\/djecji.kranjcic.hr\/index.php?rest_route=\/wp\/v2\/users\/1"}],"replies":[{"embeddable":true,"href":"https:\/\/djecji.kranjcic.hr\/index.php?rest_route=%2Fwp%2Fv2%2Fcomments&post=731"}],"version-history":[{"count":7,"href":"https:\/\/djecji.kranjcic.hr\/index.php?rest_route=\/wp\/v2\/posts\/731\/revisions"}],"predecessor-version":[{"id":745,"href":"https:\/\/djecji.kranjcic.hr\/index.php?rest_route=\/wp\/v2\/posts\/731\/revisions\/745"}],"wp:featuredmedia":[{"embeddable":true,"href":"https:\/\/djecji.kranjcic.hr\/index.php?rest_route=\/wp\/v2\/media\/732"}],"wp:attachment":[{"href":"https:\/\/djecji.kranjcic.hr\/index.php?rest_route=%2Fwp%2Fv2%2Fmedia&parent=731"}],"wp:term":[{"taxonomy":"category","embeddable":true,"href":"https:\/\/djecji.kranjcic.hr\/index.php?rest_route=%2Fwp%2Fv2%2Fcategories&post=731"},{"taxonomy":"post_tag","embeddable":true,"href":"https:\/\/djecji.kranjcic.hr\/index.php?rest_route=%2Fwp%2Fv2%2Ftags&post=731"}],"curies":[{"name":"wp","href":"https:\/\/api.w.org\/{rel}","templated":true}]}}